{"id":640,"date":"2018-09-02T18:26:00","date_gmt":"2018-09-02T16:26:00","guid":{"rendered":"http:\/\/www.pczbielsko.pl\/pl\/?p=640"},"modified":"2022-09-08T13:16:41","modified_gmt":"2022-09-08T11:16:41","slug":"stomatologia-dziecieca-w-znieczuleniu-ogolnym","status":"publish","type":"post","link":"https:\/\/www.pczbielsko.pl\/pl\/stomatologia-dziecieca-w-znieczuleniu-ogolnym\/","title":{"rendered":"Stomatologia dzieci\u0119ca w znieczuleniu og\u00f3lnym"},"content":{"rendered":"\n<p>Dzieci (a tak\u017ce doro\u015bli) obawiaj\u0105 si\u0119 wizyt u dentysty. Aby zminimalizowa\u0107 strach i dyskomfort, mo\u017cemy wyleczy\u0107 wszystkie z\u0119by dziecka w trakcie jednej, 60-minutowej wizyty.Zabieg jest wykonywany pod nadzorem do\u015bwiadczonego anestezjologa pediatrycznego.<\/p>\n\n\n\n<p><strong><a href=\"http:\/\/www.pczbielsko.pl\/pl\/stomatologia\/\">DOWIEDZ SI\u0118 WI\u0118CEJ<\/a><\/strong><\/p>\n","protected":false},"excerpt":{"rendered":"<p>DOWIEDZ SI\u0118 WI\u0118CEJ<\/p>\n","protected":false},"author":1,"featured_media":0,"comment_status":"open","ping_status":"open","sticky":false,"template":"","format":"standard","meta":{"_uag_custom_page_level_css":"","footnotes":""},"categories":[3],"tags":[],"class_list":["post-640","post","type-post","status-publish","format-standard","hentry","category-wazne-informacje"],"yoast_head":"<!-- This site is optimized with the Yoast SEO plugin v26.0 - https:\/\/yoast.com\/wordpress\/plugins\/seo\/ -->\n<title>Stomatologia dzieci\u0119ca w znieczuleniu og\u00f3lnym - Pediatryczne Centrum Zabiegowe - Bielsko-Bia\u0142a<\/title>\n<meta name=\"robots\" content=\"index, follow, max-snippet:-1, max-image-preview:large, max-video-preview:-1\" \/>\n<link rel=\"canonical\" href=\"https:\/\/www.pczbielsko.pl\/pl\/stomatologia-dziecieca-w-znieczuleniu-ogolnym\/\" \/>\n<meta property=\"og:locale\" content=\"pl_PL\" \/>\n<meta property=\"og:type\" content=\"article\" \/>\n<meta property=\"og:title\" content=\"Stomatologia dzieci\u0119ca w znieczuleniu og\u00f3lnym - Pediatryczne Centrum Zabiegowe - Bielsko-Bia\u0142a\" \/>\n<meta property=\"og:description\" content=\"DOWIEDZ SI\u0118 WI\u0118CEJ\" \/>\n<meta property=\"og:url\" content=\"https:\/\/www.pczbielsko.pl\/pl\/stomatologia-dziecieca-w-znieczuleniu-ogolnym\/\" \/>\n<meta property=\"og:site_name\" content=\"Pediatryczne Centrum Zabiegowe - Bielsko-Bia\u0142a\" \/>\n<meta property=\"article:publisher\" content=\"https:\/\/www.facebook.com\/Pediatryczne-Centrum-Zabiegowe-289715897748382\/\" \/>\n<meta property=\"article:published_time\" content=\"2018-09-02T16:26:00+00:00\" \/>\n<meta property=\"article:modified_time\" content=\"2022-09-08T11:16:41+00:00\" \/>\n<meta name=\"author\" content=\"labre\" \/>\n<meta name=\"twitter:label1\" content=\"Napisane przez\" \/>\n\t<meta name=\"twitter:data1\" content=\"labre\" \/>\n\t<meta name=\"twitter:label2\" content=\"Szacowany czas czytania\" \/>\n\t<meta name=\"twitter:data2\" content=\"1 minuta\" \/>\n<script type=\"application\/ld+json\" class=\"yoast-schema-graph\">{\"@context\":\"https:\/\/schema.org\",\"@graph\":[{\"@type\":\"Article\",\"@id\":\"https:\/\/www.pczbielsko.pl\/pl\/stomatologia-dziecieca-w-znieczuleniu-ogolnym\/#article\",\"isPartOf\":{\"@id\":\"https:\/\/www.pczbielsko.pl\/pl\/stomatologia-dziecieca-w-znieczuleniu-ogolnym\/\"},\"author\":{\"name\":\"labre\",\"@id\":\"https:\/\/www.pczbielsko.pl\/pl\/#\/schema\/person\/ce4fd88cea31ad27e71b50f4605c91d3\"},\"headline\":\"Stomatologia dzieci\u0119ca w znieczuleniu og\u00f3lnym\",\"datePublished\":\"2018-09-02T16:26:00+00:00\",\"dateModified\":\"2022-09-08T11:16:41+00:00\",\"mainEntityOfPage\":{\"@id\":\"https:\/\/www.pczbielsko.pl\/pl\/stomatologia-dziecieca-w-znieczuleniu-ogolnym\/\"},\"wordCount\":48,\"commentCount\":0,\"publisher\":{\"@id\":\"https:\/\/www.pczbielsko.pl\/pl\/#organization\"},\"articleSection\":[\"Wa\u017cne informacje\"],\"inLanguage\":\"pl-PL\",\"potentialAction\":[{\"@type\":\"CommentAction\",\"name\":\"Comment\",\"target\":[\"https:\/\/www.pczbielsko.pl\/pl\/stomatologia-dziecieca-w-znieczuleniu-ogolnym\/#respond\"]}]},{\"@type\":\"WebPage\",\"@id\":\"https:\/\/www.pczbielsko.pl\/pl\/stomatologia-dziecieca-w-znieczuleniu-ogolnym\/\",\"url\":\"https:\/\/www.pczbielsko.pl\/pl\/stomatologia-dziecieca-w-znieczuleniu-ogolnym\/\",\"name\":\"Stomatologia dzieci\u0119ca w znieczuleniu og\u00f3lnym - Pediatryczne Centrum Zabiegowe - Bielsko-Bia\u0142a\",\"isPartOf\":{\"@id\":\"https:\/\/www.pczbielsko.pl\/pl\/#website\"},\"datePublished\":\"2018-09-02T16:26:00+00:00\",\"dateModified\":\"2022-09-08T11:16:41+00:00\",\"breadcrumb\":{\"@id\":\"https:\/\/www.pczbielsko.pl\/pl\/stomatologia-dziecieca-w-znieczuleniu-ogolnym\/#breadcrumb\"},\"inLanguage\":\"pl-PL\",\"potentialAction\":[{\"@type\":\"ReadAction\",\"target\":[\"https:\/\/www.pczbielsko.pl\/pl\/stomatologia-dziecieca-w-znieczuleniu-ogolnym\/\"]}]},{\"@type\":\"BreadcrumbList\",\"@id\":\"https:\/\/www.pczbielsko.pl\/pl\/stomatologia-dziecieca-w-znieczuleniu-ogolnym\/#breadcrumb\",\"itemListElement\":[{\"@type\":\"ListItem\",\"position\":1,\"name\":\"Strona g\u0142\u00f3wna\",\"item\":\"https:\/\/www.pczbielsko.pl\/pl\/\"},{\"@type\":\"ListItem\",\"position\":2,\"name\":\"Stomatologia dzieci\u0119ca w znieczuleniu og\u00f3lnym\"}]},{\"@type\":\"WebSite\",\"@id\":\"https:\/\/www.pczbielsko.pl\/pl\/#website\",\"url\":\"https:\/\/www.pczbielsko.pl\/pl\/\",\"name\":\"Pediatryczne Centrum Zabiegowe - Bielsko-Bia\u0142a\",\"description\":\"Pediatryczne Centrum Zabiegowe z Bielska-Bia\u0142ej prowadzi swoj\u0105 dzia\u0142alno\u015b\u0107 od 1998 roku.\",\"publisher\":{\"@id\":\"https:\/\/www.pczbielsko.pl\/pl\/#organization\"},\"potentialAction\":[{\"@type\":\"SearchAction\",\"target\":{\"@type\":\"EntryPoint\",\"urlTemplate\":\"https:\/\/www.pczbielsko.pl\/pl\/?s={search_term_string}\"},\"query-input\":{\"@type\":\"PropertyValueSpecification\",\"valueRequired\":true,\"valueName\":\"search_term_string\"}}],\"inLanguage\":\"pl-PL\"},{\"@type\":\"Organization\",\"@id\":\"https:\/\/www.pczbielsko.pl\/pl\/#organization\",\"name\":\"Pediatryczne Centrum Zabiegowe Bielsko-Bia\u0142a\",\"url\":\"https:\/\/www.pczbielsko.pl\/pl\/\",\"logo\":{\"@type\":\"ImageObject\",\"inLanguage\":\"pl-PL\",\"@id\":\"https:\/\/www.pczbielsko.pl\/pl\/#\/schema\/logo\/image\/\",\"url\":\"http:\/\/www.pczbielsko.pl\/pl\/wp-content\/uploads\/2018\/09\/pcz-logo2.png\",\"contentUrl\":\"http:\/\/www.pczbielsko.pl\/pl\/wp-content\/uploads\/2018\/09\/pcz-logo2.png\",\"width\":210,\"height\":104,\"caption\":\"Pediatryczne Centrum Zabiegowe Bielsko-Bia\u0142a\"},\"image\":{\"@id\":\"https:\/\/www.pczbielsko.pl\/pl\/#\/schema\/logo\/image\/\"},\"sameAs\":[\"https:\/\/www.facebook.com\/Pediatryczne-Centrum-Zabiegowe-289715897748382\/\"]},{\"@type\":\"Person\",\"@id\":\"https:\/\/www.pczbielsko.pl\/pl\/#\/schema\/person\/ce4fd88cea31ad27e71b50f4605c91d3\",\"name\":\"labre\",\"image\":{\"@type\":\"ImageObject\",\"inLanguage\":\"pl-PL\",\"@id\":\"https:\/\/www.pczbielsko.pl\/pl\/#\/schema\/person\/image\/\",\"url\":\"https:\/\/secure.gravatar.com\/avatar\/b595a50b0e9cf13b13d50bc0faee7de372ab8cc710c39903b2c695019eda3421?s=96&d=mm&r=g\",\"contentUrl\":\"https:\/\/secure.gravatar.com\/avatar\/b595a50b0e9cf13b13d50bc0faee7de372ab8cc710c39903b2c695019eda3421?s=96&d=mm&r=g\",\"caption\":\"labre\"}}]}<\/script>\n<!-- \/ Yoast SEO plugin. -->","yoast_head_json":{"title":"Stomatologia dzieci\u0119ca w znieczuleniu og\u00f3lnym - Pediatryczne Centrum Zabiegowe - Bielsko-Bia\u0142a","robots":{"index":"index","follow":"follow","max-snippet":"max-snippet:-1","max-image-preview":"max-image-preview:large","max-video-preview":"max-video-preview:-1"},"canonical":"https:\/\/www.pczbielsko.pl\/pl\/stomatologia-dziecieca-w-znieczuleniu-ogolnym\/","og_locale":"pl_PL","og_type":"article","og_title":"Stomatologia dzieci\u0119ca w znieczuleniu og\u00f3lnym - Pediatryczne Centrum Zabiegowe - Bielsko-Bia\u0142a","og_description":"DOWIEDZ SI\u0118 WI\u0118CEJ","og_url":"https:\/\/www.pczbielsko.pl\/pl\/stomatologia-dziecieca-w-znieczuleniu-ogolnym\/","og_site_name":"Pediatryczne Centrum Zabiegowe - Bielsko-Bia\u0142a","article_publisher":"https:\/\/www.facebook.com\/Pediatryczne-Centrum-Zabiegowe-289715897748382\/","article_published_time":"2018-09-02T16:26:00+00:00","article_modified_time":"2022-09-08T11:16:41+00:00","author":"labre","twitter_misc":{"Napisane przez":"labre","Szacowany czas czytania":"1 minuta"},"schema":{"@context":"https:\/\/schema.org","@graph":[{"@type":"Article","@id":"https:\/\/www.pczbielsko.pl\/pl\/stomatologia-dziecieca-w-znieczuleniu-ogolnym\/#article","isPartOf":{"@id":"https:\/\/www.pczbielsko.pl\/pl\/stomatologia-dziecieca-w-znieczuleniu-ogolnym\/"},"author":{"name":"labre","@id":"https:\/\/www.pczbielsko.pl\/pl\/#\/schema\/person\/ce4fd88cea31ad27e71b50f4605c91d3"},"headline":"Stomatologia dzieci\u0119ca w znieczuleniu og\u00f3lnym","datePublished":"2018-09-02T16:26:00+00:00","dateModified":"2022-09-08T11:16:41+00:00","mainEntityOfPage":{"@id":"https:\/\/www.pczbielsko.pl\/pl\/stomatologia-dziecieca-w-znieczuleniu-ogolnym\/"},"wordCount":48,"commentCount":0,"publisher":{"@id":"https:\/\/www.pczbielsko.pl\/pl\/#organization"},"articleSection":["Wa\u017cne informacje"],"inLanguage":"pl-PL","potentialAction":[{"@type":"CommentAction","name":"Comment","target":["https:\/\/www.pczbielsko.pl\/pl\/stomatologia-dziecieca-w-znieczuleniu-ogolnym\/#respond"]}]},{"@type":"WebPage","@id":"https:\/\/www.pczbielsko.pl\/pl\/stomatologia-dziecieca-w-znieczuleniu-ogolnym\/","url":"https:\/\/www.pczbielsko.pl\/pl\/stomatologia-dziecieca-w-znieczuleniu-ogolnym\/","name":"Stomatologia dzieci\u0119ca w znieczuleniu og\u00f3lnym - Pediatryczne Centrum Zabiegowe - Bielsko-Bia\u0142a","isPartOf":{"@id":"https:\/\/www.pczbielsko.pl\/pl\/#website"},"datePublished":"2018-09-02T16:26:00+00:00","dateModified":"2022-09-08T11:16:41+00:00","breadcrumb":{"@id":"https:\/\/www.pczbielsko.pl\/pl\/stomatologia-dziecieca-w-znieczuleniu-ogolnym\/#breadcrumb"},"inLanguage":"pl-PL","potentialAction":[{"@type":"ReadAction","target":["https:\/\/www.pczbielsko.pl\/pl\/stomatologia-dziecieca-w-znieczuleniu-ogolnym\/"]}]},{"@type":"BreadcrumbList","@id":"https:\/\/www.pczbielsko.pl\/pl\/stomatologia-dziecieca-w-znieczuleniu-ogolnym\/#breadcrumb","itemListElement":[{"@type":"ListItem","position":1,"name":"Strona g\u0142\u00f3wna","item":"https:\/\/www.pczbielsko.pl\/pl\/"},{"@type":"ListItem","position":2,"name":"Stomatologia dzieci\u0119ca w znieczuleniu og\u00f3lnym"}]},{"@type":"WebSite","@id":"https:\/\/www.pczbielsko.pl\/pl\/#website","url":"https:\/\/www.pczbielsko.pl\/pl\/","name":"Pediatryczne Centrum Zabiegowe - Bielsko-Bia\u0142a","description":"Pediatryczne Centrum Zabiegowe z Bielska-Bia\u0142ej prowadzi swoj\u0105 dzia\u0142alno\u015b\u0107 od 1998 roku.","publisher":{"@id":"https:\/\/www.pczbielsko.pl\/pl\/#organization"},"potentialAction":[{"@type":"SearchAction","target":{"@type":"EntryPoint","urlTemplate":"https:\/\/www.pczbielsko.pl\/pl\/?s={search_term_string}"},"query-input":{"@type":"PropertyValueSpecification","valueRequired":true,"valueName":"search_term_string"}}],"inLanguage":"pl-PL"},{"@type":"Organization","@id":"https:\/\/www.pczbielsko.pl\/pl\/#organization","name":"Pediatryczne Centrum Zabiegowe Bielsko-Bia\u0142a","url":"https:\/\/www.pczbielsko.pl\/pl\/","logo":{"@type":"ImageObject","inLanguage":"pl-PL","@id":"https:\/\/www.pczbielsko.pl\/pl\/#\/schema\/logo\/image\/","url":"http:\/\/www.pczbielsko.pl\/pl\/wp-content\/uploads\/2018\/09\/pcz-logo2.png","contentUrl":"http:\/\/www.pczbielsko.pl\/pl\/wp-content\/uploads\/2018\/09\/pcz-logo2.png","width":210,"height":104,"caption":"Pediatryczne Centrum Zabiegowe Bielsko-Bia\u0142a"},"image":{"@id":"https:\/\/www.pczbielsko.pl\/pl\/#\/schema\/logo\/image\/"},"sameAs":["https:\/\/www.facebook.com\/Pediatryczne-Centrum-Zabiegowe-289715897748382\/"]},{"@type":"Person","@id":"https:\/\/www.pczbielsko.pl\/pl\/#\/schema\/person\/ce4fd88cea31ad27e71b50f4605c91d3","name":"labre","image":{"@type":"ImageObject","inLanguage":"pl-PL","@id":"https:\/\/www.pczbielsko.pl\/pl\/#\/schema\/person\/image\/","url":"https:\/\/secure.gravatar.com\/avatar\/b595a50b0e9cf13b13d50bc0faee7de372ab8cc710c39903b2c695019eda3421?s=96&d=mm&r=g","contentUrl":"https:\/\/secure.gravatar.com\/avatar\/b595a50b0e9cf13b13d50bc0faee7de372ab8cc710c39903b2c695019eda3421?s=96&d=mm&r=g","caption":"labre"}}]}},"uagb_featured_image_src":{"full":false,"thumbnail":false,"medium":false,"medium_large":false,"large":false,"1536x1536":false,"2048x2048":false,"homeNews":false},"uagb_author_info":{"display_name":"labre","author_link":"https:\/\/www.pczbielsko.pl\/pl\/author\/labre\/"},"uagb_comment_info":1,"uagb_excerpt":"DOWIEDZ SI\u0118 WI\u0118CEJ","_links":{"self":[{"href":"https:\/\/www.pczbielsko.pl\/pl\/wp-json\/wp\/v2\/posts\/640","targetHints":{"allow":["GET"]}}],"collection":[{"href":"https:\/\/www.pczbielsko.pl\/pl\/wp-json\/wp\/v2\/posts"}],"about":[{"href":"https:\/\/www.pczbielsko.pl\/pl\/wp-json\/wp\/v2\/types\/post"}],"author":[{"embeddable":true,"href":"https:\/\/www.pczbielsko.pl\/pl\/wp-json\/wp\/v2\/users\/1"}],"replies":[{"embeddable":true,"href":"https:\/\/www.pczbielsko.pl\/pl\/wp-json\/wp\/v2\/comments?post=640"}],"version-history":[{"count":2,"href":"https:\/\/www.pczbielsko.pl\/pl\/wp-json\/wp\/v2\/posts\/640\/revisions"}],"predecessor-version":[{"id":810,"href":"https:\/\/www.pczbielsko.pl\/pl\/wp-json\/wp\/v2\/posts\/640\/revisions\/810"}],"wp:attachment":[{"href":"https:\/\/www.pczbielsko.pl\/pl\/wp-json\/wp\/v2\/media?parent=640"}],"wp:term":[{"taxonomy":"category","embeddable":true,"href":"https:\/\/www.pczbielsko.pl\/pl\/wp-json\/wp\/v2\/categories?post=640"},{"taxonomy":"post_tag","embeddable":true,"href":"https:\/\/www.pczbielsko.pl\/pl\/wp-json\/wp\/v2\/tags?post=640"}],"curies":[{"name":"wp","href":"https:\/\/api.w.org\/{rel}","templated":true}]}}